{"id":5077,"date":"2022-10-10T09:26:41","date_gmt":"2022-10-10T07:26:41","guid":{"rendered":"http:\/\/www.cc-stiftung.de\/?p=5077"},"modified":"2022-10-10T10:29:47","modified_gmt":"2022-10-10T08:29:47","slug":"b-la-connect","status":"publish","type":"post","link":"https:\/\/www.cc-stiftung.de\/index.php\/b-la-connect\/","title":{"rendered":"B-LA CONNECT"},"content":{"rendered":"\n<p>B-LA CONNECT ist eine von Daniel Wiesenfeld gegr\u00fcndete Initiative zur Vertiefung der Beziehungen zwischen k\u00fcnstlerischen Projektr\u00e4umen und non-profit art spaces in den Partnerst\u00e4dten Berlin und Los Angeles. Zum ersten Mal fand B-LA CONNECT vom 7. &#8211; 23. Juni 2019 in Berlin statt (<a href=\"http:\/\/www.b-la-connect.org\">www.b-la-connect.org<\/a>)<\/p>\n","protected":false},"excerpt":{"rendered":"<p>B-LA CONNECT ist eine von Daniel Wiesenfeld gegr\u00fcndete Initiative zur Vertiefung der Beziehungen zwischen k\u00fcnstlerischen Projektr\u00e4umen und non-profit art spaces in den Partnerst\u00e4dten Berlin und Los Angeles. Zum ersten Mal <a class=\"more-link\" href=\"https:\/\/www.cc-stiftung.de\/index.php\/b-la-connect\/\">Weiterlesen \u2192<\/a><\/p>\n","protected":false},"author":1,"featured_media":5015,"comment_status":"closed","ping_status":"open","sticky":false,"template":"","format":"standard","meta":{"footnotes":""},"categories":[8],"tags":[],"class_list":["post-5077","post","type-post","status-publish","format-standard","has-post-thumbnail","hentry","category-allgemein-de"],"_links":{"self":[{"href":"https:\/\/www.cc-stiftung.de\/index.php\/wp-json\/wp\/v2\/posts\/5077","targetHints":{"allow":["GET"]}}],"collection":[{"href":"https:\/\/www.cc-stiftung.de\/index.php\/wp-json\/wp\/v2\/posts"}],"about":[{"href":"https:\/\/www.cc-stiftung.de\/index.php\/wp-json\/wp\/v2\/types\/post"}],"author":[{"embeddable":true,"href":"https:\/\/www.cc-stiftung.de\/index.php\/wp-json\/wp\/v2\/users\/1"}],"replies":[{"embeddable":true,"href":"https:\/\/www.cc-stiftung.de\/index.php\/wp-json\/wp\/v2\/comments?post=5077"}],"version-history":[{"count":2,"href":"https:\/\/www.cc-stiftung.de\/index.php\/wp-json\/wp\/v2\/posts\/5077\/revisions"}],"predecessor-version":[{"id":5108,"href":"https:\/\/www.cc-stiftung.de\/index.php\/wp-json\/wp\/v2\/posts\/5077\/revisions\/5108"}],"wp:featuredmedia":[{"embeddable":true,"href":"https:\/\/www.cc-stiftung.de\/index.php\/wp-json\/wp\/v2\/media\/5015"}],"wp:attachment":[{"href":"https:\/\/www.cc-stiftung.de\/index.php\/wp-json\/wp\/v2\/media?parent=5077"}],"wp:term":[{"taxonomy":"category","embeddable":true,"href":"https:\/\/www.cc-stiftung.de\/index.php\/wp-json\/wp\/v2\/categories?post=5077"},{"taxonomy":"post_tag","embeddable":true,"href":"https:\/\/www.cc-stiftung.de\/index.php\/wp-json\/wp\/v2\/tags?post=5077"}],"curies":[{"name":"wp","href":"https:\/\/api.w.org\/{rel}","templated":true}]}}